{"id":6393,"date":"2022-02-09T15:19:41","date_gmt":"2022-02-09T12:19:41","guid":{"rendered":"https:\/\/www.artealpan.com\/index.php\/2022\/02\/09\/sistemli-markalama\/"},"modified":"2022-02-10T14:19:44","modified_gmt":"2022-02-10T11:19:44","slug":"sistemli-markalama","status":"publish","type":"post","link":"https:\/\/www.artealpan.com\/index.php\/2022\/02\/09\/sistemli-markalama\/","title":{"rendered":"Sistemli Markalama"},"content":{"rendered":"<h2 class=\"add_teaser\">Siz bir Markalama sisteminden optimal s\u00fcre\u00e7ler beklersiniz<br \/>\nKoordineli b\u00fct\u00fcnleyici sistemimiz ile sistemli markalama<\/h2>\n<p>Bir markalama sisteminin ana ko\u015fullar\u0131ndan birisi, sistem \u00f6\u011felerinizin nas\u0131l olu\u015fturuldu\u011funu size a\u00e7\u0131k\u00e7a g\u00f6stermesidir. Tam do\u011frulukta bir bas\u0131l\u0131 g\u00f6rsel, uygun \u015fekilde kullan\u0131m ve end\u00fcstriyel bir ortamda kullan\u0131\u015fl\u0131l\u0131k garantisi de olduk\u00e7a \u00f6nemlidir. Buna ilave olarak, veri giri\u015fi ve y\u00f6netim esnas\u0131nda yaz\u0131l\u0131m size optimum deste\u011fi sa\u011flamal\u0131 ve imleyici \u00e7\u0131k\u0131\u015f\u0131 esnas\u0131nda ise h\u0131z\u0131 sizin ihtiya\u00e7lar\u0131n\u0131za cevap verebilecek nitelikte olmal\u0131d\u0131r.<\/p>\n<p>S\u00fcrekli ilerleme s\u00fcrecimiz vas\u0131tas\u0131yla, yaz\u0131l\u0131m, imleyiciler ve yaz\u0131c\u0131lardan olu\u015fan e\u015fsiz, komple bir etiketleme \u00e7\u00f6z\u00fcm\u00fc geli\u015ftirdik, b\u00f6ylece art\u0131k her bir \u00fcr\u00fcn\u00fcn\u00fcz i\u00e7in do\u011fru imleme \u00e7\u00f6z\u00fcm\u00fc \u00f6nerebiliyoruz. Ahenkli \u00fcr\u00fcn hatt\u0131m\u0131z, elektrik kabini i\u00e7inde ve \u00e7evresinde b\u00fct\u00fcn tan\u0131mlama gereksinimleri i\u00e7in size bir \u00e7\u00f6z\u00fcm sunan sistemli bir etiketleme yakla\u015f\u0131m\u0131d\u0131r.<\/p>\n<p>Bizim piyasa sistemimizin dostlu\u011funu kazanaca\u011f\u0131n\u0131zdan hi\u00e7 \u015f\u00fcphemiz yok. Biz size sadece, kendi kabin konfig\u00fcrasyonunuz i\u00e7in veri giri\u015finden kullan\u0131ma haz\u0131r imleyicilere kadar olan komple ve kullan\u0131\u015fl\u0131 bir s\u00fcre\u00e7 zinciri \u00f6nermiyoruz. Biz size, ilerici otomasyonun gelece\u011fe ait gereksinimlerine do\u011fru \u015fimdiden yol alan markalama \u00e7\u00f6z\u00fcmleri \u00f6neriyoruz. Bu sizin hep bir ad\u0131m \u00f6nde olman\u0131z demektir.<\/p>\n","protected":false},"excerpt":{"rendered":"<p>Siz bir Markalama sisteminden optimal s\u00fcre\u00e7ler beklersiniz Koordineli b\u00fct\u00fcnleyici sistemimiz ile sistemli markalama Bir markalama sisteminin ana ko\u015fullar\u0131ndan birisi, sistem \u00f6\u011felerinizin nas\u0131l olu\u015fturuldu\u011funu size a\u00e7\u0131k\u00e7a g\u00f6stermesidir. Tam do\u011frulukta bir bas\u0131l\u0131 g\u00f6rsel, uygun \u015fekilde kullan\u0131m ve end\u00fcstriyel bir ortamda kullan\u0131\u015fl\u0131l\u0131k garantisi de olduk\u00e7a \u00f6nemlidir. Buna ilave olarak, veri giri\u015fi ve y\u00f6netim esnas\u0131nda yaz\u0131l\u0131m size optimum deste\u011fi [&hellip;]<\/p>\n","protected":false},"author":1,"featured_media":6394,"comment_status":"closed","ping_status":"open","sticky":false,"template":"","format":"standard","meta":[],"categories":[74],"tags":[],"_links":{"self":[{"href":"https:\/\/www.artealpan.com\/index.php\/wp-json\/wp\/v2\/posts\/6393"}],"collection":[{"href":"https:\/\/www.artealpan.com\/index.php\/wp-json\/wp\/v2\/posts"}],"about":[{"href":"https:\/\/www.artealpan.com\/index.php\/wp-json\/wp\/v2\/types\/post"}],"author":[{"embeddable":true,"href":"https:\/\/www.artealpan.com\/index.php\/wp-json\/wp\/v2\/users\/1"}],"replies":[{"embeddable":true,"href":"https:\/\/www.artealpan.com\/index.php\/wp-json\/wp\/v2\/comments?post=6393"}],"version-history":[{"count":1,"href":"https:\/\/www.artealpan.com\/index.php\/wp-json\/wp\/v2\/posts\/6393\/revisions"}],"predecessor-version":[{"id":6833,"href":"https:\/\/www.artealpan.com\/index.php\/wp-json\/wp\/v2\/posts\/6393\/revisions\/6833"}],"wp:featuredmedia":[{"embeddable":true,"href":"https:\/\/www.artealpan.com\/index.php\/wp-json\/wp\/v2\/media\/6394"}],"wp:attachment":[{"href":"https:\/\/www.artealpan.com\/index.php\/wp-json\/wp\/v2\/media?parent=6393"}],"wp:term":[{"taxonomy":"category","embeddable":true,"href":"https:\/\/www.artealpan.com\/index.php\/wp-json\/wp\/v2\/categories?post=6393"},{"taxonomy":"post_tag","embeddable":true,"href":"https:\/\/www.artealpan.com\/index.php\/wp-json\/wp\/v2\/tags?post=6393"}],"curies":[{"name":"wp","href":"https:\/\/api.w.org\/{rel}","templated":true}]}}