{"id":6277,"date":"2022-02-09T15:17:01","date_gmt":"2022-02-09T12:17:01","guid":{"rendered":"https:\/\/www.artealpan.com\/index.php\/2022\/02\/09\/sigma-termik-roleler\/"},"modified":"2022-02-10T13:24:52","modified_gmt":"2022-02-10T10:24:52","slug":"sigma-termik-roleler","status":"publish","type":"post","link":"https:\/\/www.artealpan.com\/index.php\/2022\/02\/09\/sigma-termik-roleler\/","title":{"rendered":"Termik R\u00f6leler"},"content":{"rendered":"<div>\n<p>Sigma termik a\u015f\u0131r\u0131 ak\u0131m r\u00f6leleri ba\u011fl\u0131 bulunduklar\u0131 motor devrelerini a\u015f\u0131r\u0131 ak\u0131mlara ve faz kay\u0131plar\u0131na kar\u015f\u0131 koruma g\u00f6revini \u00fcstlenirler. TS EN 60947-4 1 e g\u00f6re \u00fcretilen termik r\u00f6leler kontakt\u00f6rlere ba\u011fl\u0131 olarak kullan\u0131labilmenin yan\u0131nda 35 mm DIN ray adapt\u00f6r\u00fc ile birlikte ba\u011f\u0131ms\u0131z olarak ta kullan\u0131labilme imkan\u0131na sahiptir.<\/p>\n<p>&nbsp;<\/p>\n<\/div>\n<h4 class=\"title\">Temel \u00d6zellikler<\/h4>\n<ul>\n<li>0.1-85 A aras\u0131 anma ak\u0131m\u0131<\/li>\n<li>3 farkl\u0131 boy<\/li>\n<li>10A a\u00e7ma s\u0131n\u0131f\u0131<\/li>\n<li>1NO+1NC yard\u0131mc\u0131 kontak<\/li>\n<li>Montaj ray\u0131 vas\u0131tas\u0131yla 35mm DIN ray\u0131na monte edilerek ba\u011f\u0131ms\u0131z kullanma imkan\u0131<\/li>\n<li>Otomatik\/manuel resetleme<\/li>\n<li>TS EN 60947-4-1 e uygun \u00fcretim<\/li>\n<\/ul>\n","protected":false},"excerpt":{"rendered":"<p>Sigma termik a\u015f\u0131r\u0131 ak\u0131m r\u00f6leleri ba\u011fl\u0131 bulunduklar\u0131 motor devrelerini a\u015f\u0131r\u0131 ak\u0131mlara ve faz kay\u0131plar\u0131na kar\u015f\u0131 koruma g\u00f6revini \u00fcstlenirler. TS EN 60947-4 1 e g\u00f6re \u00fcretilen termik r\u00f6leler kontakt\u00f6rlere ba\u011fl\u0131 olarak kullan\u0131labilmenin yan\u0131nda 35 mm DIN ray adapt\u00f6r\u00fc ile birlikte ba\u011f\u0131ms\u0131z olarak ta kullan\u0131labilme imkan\u0131na sahiptir. &nbsp; Temel \u00d6zellikler 0.1-85 A aras\u0131 anma ak\u0131m\u0131 3 farkl\u0131 [&hellip;]<\/p>\n","protected":false},"author":1,"featured_media":6278,"comment_status":"closed","ping_status":"open","sticky":false,"template":"","format":"standard","meta":[],"categories":[68],"tags":[],"_links":{"self":[{"href":"https:\/\/www.artealpan.com\/index.php\/wp-json\/wp\/v2\/posts\/6277"}],"collection":[{"href":"https:\/\/www.artealpan.com\/index.php\/wp-json\/wp\/v2\/posts"}],"about":[{"href":"https:\/\/www.artealpan.com\/index.php\/wp-json\/wp\/v2\/types\/post"}],"author":[{"embeddable":true,"href":"https:\/\/www.artealpan.com\/index.php\/wp-json\/wp\/v2\/users\/1"}],"replies":[{"embeddable":true,"href":"https:\/\/www.artealpan.com\/index.php\/wp-json\/wp\/v2\/comments?post=6277"}],"version-history":[{"count":1,"href":"https:\/\/www.artealpan.com\/index.php\/wp-json\/wp\/v2\/posts\/6277\/revisions"}],"predecessor-version":[{"id":6751,"href":"https:\/\/www.artealpan.com\/index.php\/wp-json\/wp\/v2\/posts\/6277\/revisions\/6751"}],"wp:featuredmedia":[{"embeddable":true,"href":"https:\/\/www.artealpan.com\/index.php\/wp-json\/wp\/v2\/media\/6278"}],"wp:attachment":[{"href":"https:\/\/www.artealpan.com\/index.php\/wp-json\/wp\/v2\/media?parent=6277"}],"wp:term":[{"taxonomy":"category","embeddable":true,"href":"https:\/\/www.artealpan.com\/index.php\/wp-json\/wp\/v2\/categories?post=6277"},{"taxonomy":"post_tag","embeddable":true,"href":"https:\/\/www.artealpan.com\/index.php\/wp-json\/wp\/v2\/tags?post=6277"}],"curies":[{"name":"wp","href":"https:\/\/api.w.org\/{rel}","templated":true}]}}