{"id":6263,"date":"2022-02-09T15:16:19","date_gmt":"2022-02-09T12:16:19","guid":{"rendered":"https:\/\/www.artealpan.com\/index.php\/2022\/02\/09\/sigma-kacak-akim-algilamali-ag-devre-kesicileri\/"},"modified":"2022-02-10T13:28:16","modified_gmt":"2022-02-10T10:28:16","slug":"sigma-kacak-akim-algilamali-ag-devre-kesicileri","status":"publish","type":"post","link":"https:\/\/www.artealpan.com\/index.php\/2022\/02\/09\/sigma-kacak-akim-algilamali-ag-devre-kesicileri\/","title":{"rendered":"Ka\u00e7ak Ak\u0131m Alg\u0131lamal\u0131 AG Devre Kesicileri"},"content":{"rendered":"<div class=\"column mcb-column one column_column column-margin-\">\n<div class=\"column_attr clearfix align_justify\">\n<p>Ka\u00e7ak Ak\u0131m Alg\u0131lamal\u0131 AG Devre Kesicileri TS 1058 EN 60947-2 ve CE normlar\u0131na g\u00f6re \u00fcretilmekte olup a\u015f\u0131r\u0131 y\u00fck ve k\u0131sa devre ak\u0131mlar\u0131na koruma yapman\u0131n yan\u0131 s\u0131ra sistemde olu\u015fan ka\u00e7ak ak\u0131mlara kar\u015f\u0131 koruma yaparlar. Ka\u00e7ak Ak\u0131m alg\u0131lama \u00fcnitesi devre kesici ile t\u00fcmle\u015fik oldu\u011fundan ayr\u0131ca toroidal transformat\u00f6r ve ka\u00e7ak ak\u0131m alg\u0131lama r\u00f6lesi kullan\u0131lmayaca\u011f\u0131ndan hem pano i\u00e7inde daha az yer kaplar hem de daha ekonomiktir.<\/p>\n<\/div>\n<\/div>\n<div class=\"column mcb-column one-second column_column column-margin-\">\n<div class=\"column_attr clearfix\">\n<p><strong>Temel \u00d6zellikler<\/strong><\/p>\n<ul>\n<li>40-630 A anma ak\u0131m\u0131 aral\u0131\u011f\u0131<\/li>\n<li>690 V AC Anma Yal\u0131t\u0131m Gerilimi<\/li>\n<li>8 kV Y\u0131ld\u0131r\u0131m Darbe Dayan\u0131m Gerililim<\/li>\n<li>4 kutuplu<\/li>\n<li>Termik-Manyetik- Ka\u00e7ak Ak\u0131m korumas\u0131<\/li>\n<li>36-50 kA Icu k\u0131sa devre kesme kapasiteleri<\/li>\n<\/ul>\n<\/div>\n<\/div>\n<div class=\"column mcb-column one-second column_column column-margin-\">\n<div class=\"column_attr clearfix\">\n<ul>\n<li>Ka\u00e7ak Ak\u0131m\u0131n g\u00f6r\u00fclebilece\u011fi dijital ekran<\/li>\n<li>0.1-0.3-05-1 A e\u015fik ak\u0131m\u0131 se\u00e7ebilme<\/li>\n<li>0.1-0.3-0.5-1 sn ka\u00e7ak ak\u0131m gecikme s\u00fcresi ayar imkan\u0131<\/li>\n<li>\u0130ste\u011fe ba\u011fl\u0131 a\u00e7t\u0131rma bobinli veya Yard\u0131mc\u0131 kontakl\u0131 \u00fcretim imkan\u0131<\/li>\n<li>250 A ve \u00fcst\u00fc uzatma baral\u0131 \u00fcretim imkan\u0131<\/li>\n<\/ul>\n<\/div>\n<\/div>\n","protected":false},"excerpt":{"rendered":"<p>Ka\u00e7ak Ak\u0131m Alg\u0131lamal\u0131 AG Devre Kesicileri TS 1058 EN 60947-2 ve CE normlar\u0131na g\u00f6re \u00fcretilmekte olup a\u015f\u0131r\u0131 y\u00fck ve k\u0131sa devre ak\u0131mlar\u0131na koruma yapman\u0131n yan\u0131 s\u0131ra sistemde olu\u015fan ka\u00e7ak ak\u0131mlara kar\u015f\u0131 koruma yaparlar. Ka\u00e7ak Ak\u0131m alg\u0131lama \u00fcnitesi devre kesici ile t\u00fcmle\u015fik oldu\u011fundan ayr\u0131ca toroidal transformat\u00f6r ve ka\u00e7ak ak\u0131m alg\u0131lama r\u00f6lesi kullan\u0131lmayaca\u011f\u0131ndan hem pano i\u00e7inde daha [&hellip;]<\/p>\n","protected":false},"author":1,"featured_media":6264,"comment_status":"closed","ping_status":"open","sticky":false,"template":"","format":"standard","meta":[],"categories":[68],"tags":[],"_links":{"self":[{"href":"https:\/\/www.artealpan.com\/index.php\/wp-json\/wp\/v2\/posts\/6263"}],"collection":[{"href":"https:\/\/www.artealpan.com\/index.php\/wp-json\/wp\/v2\/posts"}],"about":[{"href":"https:\/\/www.artealpan.com\/index.php\/wp-json\/wp\/v2\/types\/post"}],"author":[{"embeddable":true,"href":"https:\/\/www.artealpan.com\/index.php\/wp-json\/wp\/v2\/users\/1"}],"replies":[{"embeddable":true,"href":"https:\/\/www.artealpan.com\/index.php\/wp-json\/wp\/v2\/comments?post=6263"}],"version-history":[{"count":1,"href":"https:\/\/www.artealpan.com\/index.php\/wp-json\/wp\/v2\/posts\/6263\/revisions"}],"predecessor-version":[{"id":6758,"href":"https:\/\/www.artealpan.com\/index.php\/wp-json\/wp\/v2\/posts\/6263\/revisions\/6758"}],"wp:featuredmedia":[{"embeddable":true,"href":"https:\/\/www.artealpan.com\/index.php\/wp-json\/wp\/v2\/media\/6264"}],"wp:attachment":[{"href":"https:\/\/www.artealpan.com\/index.php\/wp-json\/wp\/v2\/media?parent=6263"}],"wp:term":[{"taxonomy":"category","embeddable":true,"href":"https:\/\/www.artealpan.com\/index.php\/wp-json\/wp\/v2\/categories?post=6263"},{"taxonomy":"post_tag","embeddable":true,"href":"https:\/\/www.artealpan.com\/index.php\/wp-json\/wp\/v2\/tags?post=6263"}],"curies":[{"name":"wp","href":"https:\/\/api.w.org\/{rel}","templated":true}]}}